{"id":662,"date":"2022-03-13T16:00:00","date_gmt":"2022-03-13T14:00:00","guid":{"rendered":"http:\/\/www.salonua.fi\/ralli\/?p=662"},"modified":"2022-03-14T22:46:55","modified_gmt":"2022-03-14T20:46:55","slug":"rallin-jarjestelyt-hyvassa-vauhdissa","status":"publish","type":"post","link":"http:\/\/www.salonua.fi\/ralli\/rallin-jarjestelyt-hyvassa-vauhdissa\/","title":{"rendered":"Rallin j\u00e4rjestelyt hyv\u00e4ss\u00e4 vauhdissa!"},"content":{"rendered":"\n<div id=\"attachment_663\" style=\"width: 594px\" class=\"wp-caption aligncenter\"><img loading=\"lazy\" decoding=\"async\" aria-describedby=\"caption-attachment-663\" class=\"wp-image-663 size-large\" src=\"http:\/\/www.salonua.fi\/ralli\/wp-content\/uploads\/2022\/03\/kokous-1024x768.jpg\" alt=\"\" width=\"584\" height=\"438\" srcset=\"http:\/\/www.salonua.fi\/ralli\/wp-content\/uploads\/2022\/03\/kokous-1024x768.jpg 1024w, http:\/\/www.salonua.fi\/ralli\/wp-content\/uploads\/2022\/03\/kokous-300x225.jpg 300w, http:\/\/www.salonua.fi\/ralli\/wp-content\/uploads\/2022\/03\/kokous-150x113.jpg 150w, http:\/\/www.salonua.fi\/ralli\/wp-content\/uploads\/2022\/03\/kokous-768x576.jpg 768w, http:\/\/www.salonua.fi\/ralli\/wp-content\/uploads\/2022\/03\/kokous-1536x1152.jpg 1536w, http:\/\/www.salonua.fi\/ralli\/wp-content\/uploads\/2022\/03\/kokous-400x300.jpg 400w, http:\/\/www.salonua.fi\/ralli\/wp-content\/uploads\/2022\/03\/kokous.jpg 2048w\" sizes=\"auto, (max-width: 584px) 100vw, 584px\" \/><p id=\"caption-attachment-663\" class=\"wp-caption-text\">Sunnuntaina 13.3. pidettiin palaveri seuran toimistolla. Nykytyyliin homma hoitui my\u00f6s et\u00e4n\u00e4. Parituntisessa istunnossa k\u00e4ytiin l\u00e4pi projektisuunnitelma. Paljon on tehty ja paljon tullaan viel\u00e4 tekem\u00e4\u00e4n&#8230;<\/p><\/div>\n<p>Rengas Turku Rallin j\u00e4rjestelyt ovat edenneet hienosti. Nyt odotamme vain lumen sulamista ja rallin starttia 7.5. No, on t\u00e4ss\u00e4 viel\u00e4 paljon tekemist\u00e4kin, joten j\u00e4rjestelytoimikunta ei p\u00e4\u00e4se peukaloitaan py\u00f6rittelem\u00e4\u00e4n. Reitti on tietenkin valmis, suunnitelmat kilpailun suhteen ovat kunnossa.<\/p>\n","protected":false},"excerpt":{"rendered":"<p>Rengas Turku Rallin j\u00e4rjestelyt ovat edenneet hienosti. Nyt odotamme vain lumen sulamista ja rallin starttia 7.5. No, on t\u00e4ss\u00e4 viel\u00e4 paljon tekemist\u00e4kin, joten j\u00e4rjestelytoimikunta ei p\u00e4\u00e4se peukaloitaan py\u00f6rittelem\u00e4\u00e4n. Reitti on tietenkin valmis, suunnitelmat kilpailun suhteen ovat kunnossa.<\/p>\n","protected":false},"author":5,"featured_media":663,"comment_status":"closed","ping_status":"closed","sticky":false,"template":"","format":"standard","meta":{"_exactmetrics_skip_tracking":false,"_exactmetrics_sitenote_active":false,"_exactmetrics_sitenote_note":"","_exactmetrics_sitenote_category":0,"footnotes":""},"categories":[3],"tags":[],"class_list":["post-662","post","type-post","status-publish","format-standard","has-post-thumbnail","hentry","category-uutiset"],"_links":{"self":[{"href":"http:\/\/www.salonua.fi\/ralli\/wp-json\/wp\/v2\/posts\/662","targetHints":{"allow":["GET"]}}],"collection":[{"href":"http:\/\/www.salonua.fi\/ralli\/wp-json\/wp\/v2\/posts"}],"about":[{"href":"http:\/\/www.salonua.fi\/ralli\/wp-json\/wp\/v2\/types\/post"}],"author":[{"embeddable":true,"href":"http:\/\/www.salonua.fi\/ralli\/wp-json\/wp\/v2\/users\/5"}],"replies":[{"embeddable":true,"href":"http:\/\/www.salonua.fi\/ralli\/wp-json\/wp\/v2\/comments?post=662"}],"version-history":[{"count":2,"href":"http:\/\/www.salonua.fi\/ralli\/wp-json\/wp\/v2\/posts\/662\/revisions"}],"predecessor-version":[{"id":665,"href":"http:\/\/www.salonua.fi\/ralli\/wp-json\/wp\/v2\/posts\/662\/revisions\/665"}],"wp:featuredmedia":[{"embeddable":true,"href":"http:\/\/www.salonua.fi\/ralli\/wp-json\/wp\/v2\/media\/663"}],"wp:attachment":[{"href":"http:\/\/www.salonua.fi\/ralli\/wp-json\/wp\/v2\/media?parent=662"}],"wp:term":[{"taxonomy":"category","embeddable":true,"href":"http:\/\/www.salonua.fi\/ralli\/wp-json\/wp\/v2\/categories?post=662"},{"taxonomy":"post_tag","embeddable":true,"href":"http:\/\/www.salonua.fi\/ralli\/wp-json\/wp\/v2\/tags?post=662"}],"curies":[{"name":"wp","href":"https:\/\/api.w.org\/{rel}","templated":true}]}}